{"id":39,"date":"2023-09-28T14:28:25","date_gmt":"2023-09-28T14:28:25","guid":{"rendered":"https:\/\/www.brascook.com.br\/blog\/?p=39"},"modified":"2023-10-31T18:00:28","modified_gmt":"2023-10-31T18:00:28","slug":"conheca-mais-sobre-a-importancia-do-transporte-de-cargas-indivisiveis","status":"publish","type":"post","link":"https:\/\/www.brascook.com.br\/blog\/transporte-de-cargas-indivisiveis\/conheca-mais-sobre-a-importancia-do-transporte-de-cargas-indivisiveis\/","title":{"rendered":"Conhe\u00e7a mais sobre a import\u00e2ncia do transporte de cargas indivis\u00edveis"},"content":{"rendered":"\n<p><strong><em>Saiba agora mais sobre a import\u00e2ncia do transporte de cargas indivis\u00edveis! Tamb\u00e9m conhe\u00e7a sobre o que \u00e9 e suas vantagens!<\/em><\/strong><\/p>\n\n\n\n<p>O transporte de cargas indivis\u00edveis desempenha um <strong>papel fundamental<\/strong> na economia global e nacional, sendo um <strong>setor essencial<\/strong> para o <strong>desenvolvimento<\/strong> e crescimento de <strong>diversas ind\u00fastrias<\/strong>.<\/p>\n\n\n\n<p>Cargas indivis\u00edveis referem-se a mercadorias que, devido ao seu tamanho, peso ou caracter\u00edsticas especiais, n\u00e3o podem ser divididas em unidades menores para o transporte.<\/p>\n\n\n\n<p>Essas cargas incluem equipamentos industriais, estruturas pr\u00e9-fabricadas, turbinas e\u00f3licas, entre outros itens de grande porte.<\/p>\n\n\n\n<p>Neste artigo, exploraremos a import\u00e2ncia do transporte de cargas indivis\u00edveis e como ela impacta positivamente a economia e a sociedade.\u00a0<\/p>\n\n\n\n<h2 class=\"wp-block-heading\">A import\u00e2ncia do transporte de cargas indivis\u00edveis<\/h2>\n\n\n\n<p><strong>Desenvolvimento Industrial e de Infraestrutura<\/strong><\/p>\n\n\n\n<p>O transporte de cargas indivis\u00edveis \u00e9 crucial para o desenvolvimento de ind\u00fastrias pesadas e projetos de infraestrutura, tais como a constru\u00e7\u00e3o de usinas de energia, parques e\u00f3licos, pontes e instala\u00e7\u00f5es industriais.<\/p>\n\n\n\n<p>Sem esse transporte especializado, muitos desses empreendimentos n\u00e3o seriam vi\u00e1veis.<\/p>\n\n\n\n<p><strong>Est\u00edmulo \u00e0 Economia<\/strong><\/p>\n\n\n\n<p>O movimento de cargas indivis\u00edveis gera empregos, estimula o crescimento econ\u00f4mico e promove a inova\u00e7\u00e3o na ind\u00fastria de transporte.<\/p>\n\n\n\n<p>Isso ocorre porque o transporte de cargas excepcionais demanda equipamentos, ve\u00edculos e tecnologias espec\u00edficas.<\/p>\n\n\n\n<p><strong>Globaliza\u00e7\u00e3o<\/strong><\/p>\n\n\n\n<p>Com a crescente globaliza\u00e7\u00e3o, a necessidade de transportar cargas de grande porte entre diferentes pa\u00edses tornou-se ainda mais comum.<\/p>\n\n\n\n<p>Isso \u00e9 essencial para a expans\u00e3o de neg\u00f3cios e a troca de tecnologias em escala internacional.<\/p>\n\n\n\n<h2 class=\"wp-block-heading\">Necessidades do transporte de cargas indivis\u00edveis<\/h2>\n\n\n\n<p><strong>Regulamenta\u00e7\u00e3o<\/strong><\/p>\n\n\n\n<p>O transporte de cargas excepcionais \u00e9 altamente regulamentado devido aos riscos envolvidos.<\/p>\n\n\n\n<p>\u00c9 necess\u00e1rio cumprir normas de seguran\u00e7a rigorosas e obter permiss\u00f5es especiais.<\/p>\n\n\n\n<p><strong>Infraestrutura<\/strong><\/p>\n\n\n\n<p>O transporte de cargas indivis\u00edveis muitas vezes requer adapta\u00e7\u00f5es na infraestrutura das estradas, pontes e t\u00faneis para acomodar as dimens\u00f5es excepcionais das cargas.<\/p>\n\n\n<div class=\"wp-block-image is-style-rounded\">\n<figure class=\"aligncenter size-full is-resized\"><a href=\"https:\/\/www.brascook.com.br\/\" target=\"_blank\" rel=\"noreferrer noopener\"><img loading=\"lazy\" decoding=\"async\" src=\"https:\/\/www.brascook.com.br\/blog\/wp-content\/uploads\/2023\/05\/Modelo_-20.jpg\" alt=\"Conhe\u00e7a mais sobre a import\u00e2ncia do transporte de cargas indivis\u00edveis\" class=\"wp-image-23\" style=\"width:305px;height:217px\" width=\"305\" height=\"217\"\/><\/a><\/figure>\n<\/div>\n\n\n<h2 class=\"wp-block-heading\">Vantagens do transporte de cargas indivis\u00edveis<\/h2>\n\n\n\n<p><strong>Efici\u00eancia<\/strong><\/p>\n\n\n\n<p>Em muitos casos, o transporte de cargas indivis\u00edveis \u00e9 mais eficiente, pois evita a necessidade de desmontar e remontar itens de grande porte, economizando bastante tempo e recursos.<\/p>\n\n\n\n<p><strong>Redu\u00e7\u00e3o de Riscos<\/strong><\/p>\n\n\n\n<p>Evitar a desmontagem de pe\u00e7as de grande valor, como maquinaria industrial complexa, reduz o risco de danos durante o transporte.<\/p>\n\n\n\n<p><strong>Contribui\u00e7\u00e3o \u00e0 Inova\u00e7\u00e3o<\/strong><\/p>\n\n\n\n<p>O setor de transporte de cargas indivis\u00edveis impulsiona a inova\u00e7\u00e3o na fabrica\u00e7\u00e3o de equipamentos de transporte e infraestrutura, criando oportunidades de desenvolvimento tecnol\u00f3gico.<\/p>\n\n\n\n<h2 class=\"wp-block-heading\">Transporte de cargas indivis\u00edveis \u00e9 com a Brascook!<\/h2>\n\n\n\n<p>Se ap\u00f3s entender a import\u00e2ncia do transporte de cargas indivis\u00edveis voc\u00ea se interessou e procura pelo servi\u00e7o, a <strong><a href=\"https:\/\/www.brascook.com.br\/\" target=\"_blank\" rel=\"noreferrer noopener\">Brascook<\/a><\/strong> te ajuda com a solu\u00e7\u00e3o!<\/p>\n\n\n\n<p>A <a href=\"https:\/\/www.brascook.com.br\/\" target=\"_blank\" rel=\"noreferrer noopener\"><strong>Brascook<\/strong><\/a> \u00e9 uma empresa localizada na cidade de Guarulhos, somos <strong>especializados no transporte de cargas indivis\u00edveis<\/strong>, especiais, pesadas e excedentes e superdimensionadas!<\/p>\n\n\n\n<p>Temos capacidade de atendimento em todo <strong>territ\u00f3rio brasileiro<\/strong>!<\/p>\n\n\n\n<p>Nossos servi\u00e7os de transportes disp\u00f5em de uma ampla infraestrutura e uma equipe especializada neste perfil de transporte, com total seguran\u00e7a e viabiliza\u00e7\u00e3o do custo-benef\u00edcio dispon\u00edvel no mercado.<\/p>\n\n\n\n<p>Com mais de 20 anos de atua\u00e7\u00e3o, n\u00f3s da <strong><a href=\"https:\/\/www.brascook.com.br\/\" target=\"_blank\" rel=\"noreferrer noopener\">Brascook<\/a><\/strong> estamos inovando e <strong>desde 2009<\/strong> somos <strong>especializados<\/strong> no transporte de cargas indivis\u00edveis.<\/p>\n\n\n\n<p>N\u00e3o perca tempo e entre em <strong><a href=\"https:\/\/www.brascook.com.br\/contato\" target=\"_blank\" rel=\"noreferrer noopener\">contato conosco<\/a><\/strong> para garantir o seu transporte de carga indivis\u00edvel.<\/p>\n\n\n\n<p>O que achou do conte\u00fado? Caso tenha gostado, continue acompanhando no <strong><a href=\"https:\/\/www.brascook.com.br\/blog\/\" target=\"_blank\" rel=\"noreferrer noopener\">blog da Brascook<\/a> <\/strong>e encontre mais informa\u00e7\u00f5es sobre a import\u00e2ncia do transporte de cargas indivis\u00edveis!<\/p>\n\n\n\n<p>At\u00e9 a pr\u00f3xima!<\/p>\n\n\n<div class=\"wp-block-image\">\n<figure class=\"aligncenter size-full is-resized\"><a href=\"https:\/\/www.brascook.com.br\/contato\" target=\"_blank\" rel=\"noreferrer noopener\"><img loading=\"lazy\" decoding=\"async\" src=\"https:\/\/www.brascook.com.br\/blog\/wp-content\/uploads\/2023\/04\/CTA_.gif\" alt=\"\" class=\"wp-image-18\" style=\"width:301px;height:151px\" width=\"301\" height=\"151\"\/><\/a><\/figure>\n<\/div>\n\n\n<p>Confira as \u00faltimas mat\u00e9rias do nosso blog:<\/p>\n\n\n\n<ul class=\"wp-block-list\">\n<li><a href=\"https:\/\/www.brascook.com.br\/blog\/carvao-coque\/carvao-coque-em-sao-paulo-onde-comprar\/\" target=\"_blank\" rel=\"noreferrer noopener\">Carv\u00e3o coque em S\u00e3o Paulo: onde comprar?<\/a><\/li>\n\n\n\n<li><a href=\"https:\/\/www.brascook.com.br\/blog\/movimentacao-de-cargas-indivisiveis\/movimentacao-de-cargas-indivisiveis-descubra-onde-fazer\/\" target=\"_blank\" rel=\"noreferrer noopener\">Movimenta\u00e7\u00e3o de cargas indivis\u00edveis: descubra onde fazer<\/a><\/li>\n\n\n\n<li><a href=\"https:\/\/www.brascook.com.br\/blog\/transportes-de-cargas-especiais\/transporte-de-carga-superdimensionada-em-guarulhos-qual-empresa-escolher\/\" target=\"_blank\" rel=\"noreferrer noopener\">Transporte de carga superdimensionada em Guarulhos: qual empresa escolher?<\/a><\/li>\n<\/ul>\n","protected":false},"excerpt":{"rendered":"<p>Saiba agora mais sobre a import\u00e2ncia do transporte de cargas indivis\u00edveis! Tamb\u00e9m conhe\u00e7a sobre o que \u00e9 e suas vantagens! O transporte de cargas indivis\u00edveis desempenha um papel fundamental na economia global e nacional, sendo um setor essencial para o&#8230;<\/p>\n","protected":false},"author":1,"featured_media":40,"comment_status":"open","ping_status":"open","sticky":false,"template":"","format":"standard","meta":{"footnotes":""},"categories":[263],"tags":[268,219,271,218,288,234,291,232,292,233,295,226,272,222,275,220,276,225,279,216,280,231,283,235,284,237,287,229,300,352,303,353,264,221,267,215,296,350,299,351,324,342,17,320,16,15,254,362,251,358,247,244,356,354,360,259,242,364,261,316,312,336,328,304,346,332,327,345,341,323,311,309,255,363,239,359,240,248,357,355,361,260,241,365,262,319,315,339,331,307,349,335],"class_list":["post-39","post","type-post","status-publish","format-standard","has-post-thumbnail","hentry","category-transporte-de-cargas-indivisiveis","tag-comprar-transporte-de-carga","tag-comprar-transporte-de-carga-indivisivel","tag-comprar-transporte-de-cargas","tag-comprar-transporte-de-cargas-indivisiveis","tag-distribuidor-de-transporte-de-carga","tag-distribuidor-de-transporte-de-carga-indivisivel","tag-distribuidor-de-transporte-de-cargas","tag-distribuidor-de-transporte-de-cargas-indivisiveis","tag-distribuidora-de-transporte-de-carga","tag-distribuidora-de-transporte-de-carga-indivisivel","tag-distribuidora-de-transporte-de-cargas","tag-distribuidora-de-transporte-de-cargas-indivisiveis","tag-empresa-de-transporte-de-carga","tag-empresa-de-transporte-de-carga-indivisivel","tag-empresa-de-transporte-de-cargas","tag-empresa-de-transporte-de-cargas-indivisiveis","tag-fabrica-de-transporte-de-carga","tag-fabrica-de-transporte-de-carga-indivisivel","tag-fabrica-de-transporte-de-cargas","tag-fabrica-de-transporte-de-cargas-indivisiveis","tag-fabricante-de-transporte-de-carga","tag-fabricante-de-transporte-de-carga-indivisivel","tag-fabricante-de-transporte-de-cargas","tag-fabricante-de-transporte-de-cargas-indivisiveis","tag-fornecedor-de-transporte-de-carga","tag-fornecedor-de-transporte-de-carga-indivisivel","tag-fornecedor-de-transporte-de-cargas","tag-fornecedor-de-transporte-de-cargas-indivisiveis","tag-loja-de-transporte-de-carga","tag-loja-de-transporte-de-carga-indivisivel","tag-loja-de-transporte-de-cargas","tag-loja-de-transporte-de-cargas-indivisiveis","tag-onde-encontrar-transporte-de-carga","tag-onde-encontrar-transporte-de-carga-indivisivel","tag-onde-encontrar-transporte-de-cargas","tag-onde-encontrar-transporte-de-cargas-indivisiveis","tag-revendedor-de-transporte-de-carga","tag-revendedor-de-transporte-de-carga-indivisivel","tag-revendedor-de-transporte-de-cargas","tag-revendedor-de-transporte-de-cargas-indivisiveis","tag-transporte-de-carga-direto-da-fabrica","tag-transporte-de-carga-em-cumbica","tag-transporte-de-carga-em-guarulhos","tag-transporte-de-carga-em-promocao","tag-transporte-de-carga-em-sao-paulo","tag-transporte-de-carga-em-sp","tag-transporte-de-carga-indivisivel-direto-da-fabrica","tag-transporte-de-carga-indivisivel-em-cumbica","tag-transporte-de-carga-indivisivel-em-guarulhos","tag-transporte-de-carga-indivisivel-em-promocao","tag-transporte-de-carga-indivisivel-em-sao-paulo","tag-transporte-de-carga-indivisivel-em-sp","tag-transporte-de-carga-indivisivel-na-zl","tag-transporte-de-carga-indivisivel-na-zona-leste","tag-transporte-de-carga-indivisivel-no-aruja","tag-transporte-de-carga-indivisivel-perto-de-mim","tag-transporte-de-carga-indivisivel-preco","tag-transporte-de-carga-indivisivel-proximo-a-dutra","tag-transporte-de-carga-indivisivel-proximo-a-mim","tag-transporte-de-carga-na-zl","tag-transporte-de-carga-na-zona-leste","tag-transporte-de-carga-no-aruja","tag-transporte-de-carga-perto-de-mim","tag-transporte-de-carga-preco","tag-transporte-de-carga-proximo-a-dutra","tag-transporte-de-carga-proximo-a-mim","tag-transporte-de-cargas-direto-da-fabrica","tag-transporte-de-cargas-em-cumbica","tag-transporte-de-cargas-em-guarulhos","tag-transporte-de-cargas-em-promocao","tag-transporte-de-cargas-em-sao-paulo","tag-transporte-de-cargas-em-sp","tag-transporte-de-cargas-indivisiveis-direto-da-fabrica","tag-transporte-de-cargas-indivisiveis-em-cumbica","tag-transporte-de-cargas-indivisiveis-em-guarulhos","tag-transporte-de-cargas-indivisiveis-em-promocao","tag-transporte-de-cargas-indivisiveis-em-sao-paulo","tag-transporte-de-cargas-indivisiveis-em-sp","tag-transporte-de-cargas-indivisiveis-na-zl","tag-transporte-de-cargas-indivisiveis-na-zona-leste","tag-transporte-de-cargas-indivisiveis-no-aruja","tag-transporte-de-cargas-indivisiveis-perto-de-mim","tag-transporte-de-cargas-indivisiveis-preco","tag-transporte-de-cargas-indivisiveis-proximo-a-dutra","tag-transporte-de-cargas-indivisiveis-proximo-a-mim","tag-transporte-de-cargas-na-zl","tag-transporte-de-cargas-na-zona-leste","tag-transporte-de-cargas-no-aruja","tag-transporte-de-cargas-perto-de-mim","tag-transporte-de-cargas-preco","tag-transporte-de-cargas-proximo-a-dutra","tag-transporte-de-cargas-proximo-a-mim"],"yoast_head":"<!-- This site is optimized with the Yoast SEO plugin v20.6 - https:\/\/yoast.com\/wordpress\/plugins\/seo\/ -->\n<title>Conhe\u00e7a mais sobre a import\u00e2ncia do transporte de cargas indivis\u00edveis - Brascook<\/title>\n<meta name=\"description\" content=\"Saiba agora mais sobre a import\u00e2ncia do transporte de cargas indivis\u00edveis! Tamb\u00e9m conhe\u00e7a sobre o que \u00e9 e suas vantagens! Clique aqui e confira!\" \/>\n<meta name=\"robots\" content=\"index, follow, max-snippet:-1, max-image-preview:large, max-video-preview:-1\" \/>\n<link rel=\"canonical\" href=\"https:\/\/www.brascook.com.br\/blog\/transporte-de-cargas-indivisiveis\/conheca-mais-sobre-a-importancia-do-transporte-de-cargas-indivisiveis\/\" \/>\n<meta property=\"og:locale\" content=\"pt_BR\" \/>\n<meta property=\"og:type\" content=\"article\" \/>\n<meta property=\"og:title\" content=\"Conhe\u00e7a mais sobre a import\u00e2ncia do transporte de cargas indivis\u00edveis - Brascook\" \/>\n<meta property=\"og:description\" content=\"Saiba agora mais sobre a import\u00e2ncia do transporte de cargas indivis\u00edveis! Tamb\u00e9m conhe\u00e7a sobre o que \u00e9 e suas vantagens! Clique aqui e confira!\" \/>\n<meta property=\"og:url\" content=\"https:\/\/www.brascook.com.br\/blog\/transporte-de-cargas-indivisiveis\/conheca-mais-sobre-a-importancia-do-transporte-de-cargas-indivisiveis\/\" \/>\n<meta property=\"og:site_name\" content=\"Brascook\" \/>\n<meta property=\"article:published_time\" content=\"2023-09-28T14:28:25+00:00\" \/>\n<meta property=\"article:modified_time\" content=\"2023-10-31T18:00:28+00:00\" \/>\n<meta property=\"og:image\" content=\"https:\/\/www.brascook.com.br\/blog\/wp-content\/uploads\/2023\/09\/Conheca-mais-sobre-a-importancia-do-transporte-de-cargas-indivisiveis.jpg\" \/>\n\t<meta property=\"og:image:width\" content=\"793\" \/>\n\t<meta property=\"og:image:height\" content=\"572\" \/>\n\t<meta property=\"og:image:type\" content=\"image\/jpeg\" \/>\n<meta name=\"author\" content=\"admin\" \/>\n<meta name=\"twitter:card\" content=\"summary_large_image\" \/>\n<meta name=\"twitter:label1\" content=\"Escrito por\" \/>\n\t<meta name=\"twitter:data1\" content=\"admin\" \/>\n\t<meta name=\"twitter:label2\" content=\"Est. tempo de leitura\" \/>\n\t<meta name=\"twitter:data2\" content=\"4 minutos\" \/>\n<script type=\"application\/ld+json\" class=\"yoast-schema-graph\">{\"@context\":\"https:\/\/schema.org\",\"@graph\":[{\"@type\":\"Article\",\"@id\":\"https:\/\/www.brascook.com.br\/blog\/transporte-de-cargas-indivisiveis\/conheca-mais-sobre-a-importancia-do-transporte-de-cargas-indivisiveis\/#article\",\"isPartOf\":{\"@id\":\"https:\/\/www.brascook.com.br\/blog\/transporte-de-cargas-indivisiveis\/conheca-mais-sobre-a-importancia-do-transporte-de-cargas-indivisiveis\/\"},\"author\":{\"name\":\"admin\",\"@id\":\"https:\/\/www.brascook.com.br\/blog\/#\/schema\/person\/3081017871e14943d8c47f8a7be521d7\"},\"headline\":\"Conhe\u00e7a mais sobre a import\u00e2ncia do transporte de cargas indivis\u00edveis\",\"datePublished\":\"2023-09-28T14:28:25+00:00\",\"dateModified\":\"2023-10-31T18:00:28+00:00\",\"mainEntityOfPage\":{\"@id\":\"https:\/\/www.brascook.com.br\/blog\/transporte-de-cargas-indivisiveis\/conheca-mais-sobre-a-importancia-do-transporte-de-cargas-indivisiveis\/\"},\"wordCount\":639,\"commentCount\":0,\"publisher\":{\"@id\":\"https:\/\/www.brascook.com.br\/blog\/#organization\"},\"keywords\":[\"comprar transporte de carga\",\"comprar transporte de carga indivis\u00edvel\",\"comprar transporte de cargas\",\"comprar transporte de cargas indivis\u00edveis\",\"distribuidor de transporte de carga\",\"distribuidor de transporte de carga indivis\u00edvel\",\"distribuidor de transporte de cargas\",\"distribuidor de transporte de cargas indivis\u00edveis\",\"distribuidora de transporte de carga\",\"distribuidora de transporte de carga indivis\u00edvel\",\"distribuidora de transporte de cargas\",\"distribuidora de transporte de cargas indivis\u00edveis\",\"empresa de transporte de carga\",\"empresa de transporte de carga indivis\u00edvel\",\"empresa de transporte de cargas\",\"empresa de transporte de cargas indivis\u00edveis\",\"f\u00e1brica de transporte de carga\",\"f\u00e1brica de transporte de carga indivis\u00edvel\",\"f\u00e1brica de transporte de cargas\",\"f\u00e1brica de transporte de cargas indivis\u00edveis\",\"fabricante de transporte de carga\",\"fabricante de transporte de carga indivis\u00edvel\",\"fabricante de transporte de cargas\",\"fabricante de transporte de cargas indivis\u00edveis\",\"fornecedor de transporte de carga\",\"fornecedor de transporte de carga indivis\u00edvel\",\"fornecedor de transporte de cargas\",\"fornecedor de transporte de cargas indivis\u00edveis\",\"loja de transporte de carga\",\"loja de transporte de carga indivisivel\",\"loja de transporte de cargas\",\"loja de transporte de cargas indivis\u00edveis\",\"onde encontrar transporte de carga\",\"onde encontrar transporte de carga indivis\u00edvel\",\"onde encontrar transporte de cargas\",\"onde encontrar transporte de cargas indivis\u00edveis\",\"revendedor de transporte de carga\",\"revendedor de transporte de carga indivisivel\",\"revendedor de transporte de cargas\",\"revendedor de transporte de cargas indivis\u00edveis\",\"transporte de carga direto da fabrica\",\"transporte de carga em cumbica\",\"Transporte de carga em Guarulhos\",\"transporte de carga em promo\u00e7\u00e3o\",\"Transporte de carga em S\u00e3o Paulo\",\"Transporte de carga em SP\",\"transporte de carga indivis\u00edvel direto da fabrica\",\"transporte de carga indivisivel em cumbica\",\"transporte de carga indivis\u00edvel em Guarulhos\",\"transporte de carga indivisivel em promo\u00e7\u00e3o\",\"transporte de carga indivis\u00edvel em s\u00e3o paulo\",\"transporte de carga indivis\u00edvel em sp\",\"transporte de carga indivisivel na zl\",\"transporte de carga indivisivel na zona leste\",\"transporte de carga indivisivel no aruj\u00e1\",\"transporte de carga indivis\u00edvel perto de mim\",\"transporte de carga indivis\u00edvel pre\u00e7o\",\"transporte de carga indivisivel pr\u00f3ximo \u00e0 dutra\",\"transporte de carga indivis\u00edvel pr\u00f3ximo a mim\",\"transporte de carga na zl\",\"transporte de carga na zona leste\",\"transporte de carga no aruj\u00e1\",\"transporte de carga perto de mim\",\"transporte de carga pre\u00e7o\",\"transporte de carga pr\u00f3ximo \u00e0 dutra\",\"transporte de carga pr\u00f3ximo a mim\",\"transporte de cargas direto da fabrica\",\"transporte de cargas em cumbica\",\"transporte de cargas em guarulhos\",\"transporte de cargas em promo\u00e7\u00e3o\",\"transporte de cargas em s\u00e3o paulo\",\"transporte de cargas em sp\",\"transporte de cargas indivis\u00edveis direto da fabrica\",\"transporte de cargas indivis\u00edveis em cumbica\",\"transporte de cargas indivis\u00edveis em Guarulhos\",\"transporte de cargas indivis\u00edveis em promo\u00e7\u00e3o\",\"transporte de cargas indivis\u00edveis em s\u00e3o paulo\",\"transporte de cargas indivis\u00edveis em sp\",\"transporte de cargas indivis\u00edveis na zl\",\"transporte de cargas indivis\u00edveis na zona leste\",\"transporte de cargas indivis\u00edveis no aruj\u00e1\",\"transporte de cargas indivis\u00edveis perto de mim\",\"transporte de cargas indivis\u00edveis pre\u00e7o\",\"transporte de cargas indivis\u00edveis pr\u00f3ximo \u00e0 dutra\",\"transporte de cargas indivis\u00edveis pr\u00f3ximo a mim\",\"transporte de cargas na zl\",\"transporte de cargas na zona leste\",\"transporte de cargas no aruj\u00e1\",\"transporte de cargas perto de mim\",\"transporte de cargas pre\u00e7o\",\"transporte de cargas pr\u00f3ximo \u00e0 dutra\",\"transporte de cargas pr\u00f3ximo a mim\"],\"articleSection\":[\"Transporte de Cargas Indivis\u00edveis\"],\"inLanguage\":\"pt-BR\",\"potentialAction\":[{\"@type\":\"CommentAction\",\"name\":\"Comment\",\"target\":[\"https:\/\/www.brascook.com.br\/blog\/transporte-de-cargas-indivisiveis\/conheca-mais-sobre-a-importancia-do-transporte-de-cargas-indivisiveis\/#respond\"]}]},{\"@type\":\"WebPage\",\"@id\":\"https:\/\/www.brascook.com.br\/blog\/transporte-de-cargas-indivisiveis\/conheca-mais-sobre-a-importancia-do-transporte-de-cargas-indivisiveis\/\",\"url\":\"https:\/\/www.brascook.com.br\/blog\/transporte-de-cargas-indivisiveis\/conheca-mais-sobre-a-importancia-do-transporte-de-cargas-indivisiveis\/\",\"name\":\"Conhe\u00e7a mais sobre a import\u00e2ncia do transporte de cargas indivis\u00edveis - Brascook\",\"isPartOf\":{\"@id\":\"https:\/\/www.brascook.com.br\/blog\/#website\"},\"datePublished\":\"2023-09-28T14:28:25+00:00\",\"dateModified\":\"2023-10-31T18:00:28+00:00\",\"description\":\"Saiba agora mais sobre a import\u00e2ncia do transporte de cargas indivis\u00edveis! Tamb\u00e9m conhe\u00e7a sobre o que \u00e9 e suas vantagens! Clique aqui e confira!\",\"breadcrumb\":{\"@id\":\"https:\/\/www.brascook.com.br\/blog\/transporte-de-cargas-indivisiveis\/conheca-mais-sobre-a-importancia-do-transporte-de-cargas-indivisiveis\/#breadcrumb\"},\"inLanguage\":\"pt-BR\",\"potentialAction\":[{\"@type\":\"ReadAction\",\"target\":[\"https:\/\/www.brascook.com.br\/blog\/transporte-de-cargas-indivisiveis\/conheca-mais-sobre-a-importancia-do-transporte-de-cargas-indivisiveis\/\"]}]},{\"@type\":\"BreadcrumbList\",\"@id\":\"https:\/\/www.brascook.com.br\/blog\/transporte-de-cargas-indivisiveis\/conheca-mais-sobre-a-importancia-do-transporte-de-cargas-indivisiveis\/#breadcrumb\",\"itemListElement\":[{\"@type\":\"ListItem\",\"position\":1,\"name\":\"In\u00edcio\",\"item\":\"https:\/\/www.brascook.com.br\/blog\/\"},{\"@type\":\"ListItem\",\"position\":2,\"name\":\"Conhe\u00e7a mais sobre a import\u00e2ncia do transporte de cargas indivis\u00edveis\"}]},{\"@type\":\"WebSite\",\"@id\":\"https:\/\/www.brascook.com.br\/blog\/#website\",\"url\":\"https:\/\/www.brascook.com.br\/blog\/\",\"name\":\"Brascook\",\"description\":\"Blog Brascook\",\"publisher\":{\"@id\":\"https:\/\/www.brascook.com.br\/blog\/#organization\"},\"potentialAction\":[{\"@type\":\"SearchAction\",\"target\":{\"@type\":\"EntryPoint\",\"urlTemplate\":\"https:\/\/www.brascook.com.br\/blog\/?s={search_term_string}\"},\"query-input\":\"required name=search_term_string\"}],\"inLanguage\":\"pt-BR\"},{\"@type\":\"Organization\",\"@id\":\"https:\/\/www.brascook.com.br\/blog\/#organization\",\"name\":\"Brascook\",\"url\":\"https:\/\/www.brascook.com.br\/blog\/\",\"logo\":{\"@type\":\"ImageObject\",\"inLanguage\":\"pt-BR\",\"@id\":\"https:\/\/www.brascook.com.br\/blog\/#\/schema\/logo\/image\/\",\"url\":\"https:\/\/www.brascook.com.br\/blog\/wp-content\/uploads\/2023\/04\/logo-2.jpg\",\"contentUrl\":\"https:\/\/www.brascook.com.br\/blog\/wp-content\/uploads\/2023\/04\/logo-2.jpg\",\"width\":159,\"height\":106,\"caption\":\"Brascook\"},\"image\":{\"@id\":\"https:\/\/www.brascook.com.br\/blog\/#\/schema\/logo\/image\/\"}},{\"@type\":\"Person\",\"@id\":\"https:\/\/www.brascook.com.br\/blog\/#\/schema\/person\/3081017871e14943d8c47f8a7be521d7\",\"name\":\"admin\",\"image\":{\"@type\":\"ImageObject\",\"inLanguage\":\"pt-BR\",\"@id\":\"https:\/\/www.brascook.com.br\/blog\/#\/schema\/person\/image\/\",\"url\":\"https:\/\/secure.gravatar.com\/avatar\/3813f53848958b8842eeafda91666185a90010f65ed554379b78794cde6f234a?s=96&d=mm&r=g\",\"contentUrl\":\"https:\/\/secure.gravatar.com\/avatar\/3813f53848958b8842eeafda91666185a90010f65ed554379b78794cde6f234a?s=96&d=mm&r=g\",\"caption\":\"admin\"},\"sameAs\":[\"https:\/\/brascook.com.br\/blog\"],\"url\":\"https:\/\/www.brascook.com.br\/blog\/author\/admin\/\"}]}<\/script>\n<!-- \/ Yoast SEO plugin. -->","yoast_head_json":{"title":"Conhe\u00e7a mais sobre a import\u00e2ncia do transporte de cargas indivis\u00edveis - Brascook","description":"Saiba agora mais sobre a import\u00e2ncia do transporte de cargas indivis\u00edveis! Tamb\u00e9m conhe\u00e7a sobre o que \u00e9 e suas vantagens! Clique aqui e confira!","robots":{"index":"index","follow":"follow","max-snippet":"max-snippet:-1","max-image-preview":"max-image-preview:large","max-video-preview":"max-video-preview:-1"},"canonical":"https:\/\/www.brascook.com.br\/blog\/transporte-de-cargas-indivisiveis\/conheca-mais-sobre-a-importancia-do-transporte-de-cargas-indivisiveis\/","og_locale":"pt_BR","og_type":"article","og_title":"Conhe\u00e7a mais sobre a import\u00e2ncia do transporte de cargas indivis\u00edveis - Brascook","og_description":"Saiba agora mais sobre a import\u00e2ncia do transporte de cargas indivis\u00edveis! Tamb\u00e9m conhe\u00e7a sobre o que \u00e9 e suas vantagens! Clique aqui e confira!","og_url":"https:\/\/www.brascook.com.br\/blog\/transporte-de-cargas-indivisiveis\/conheca-mais-sobre-a-importancia-do-transporte-de-cargas-indivisiveis\/","og_site_name":"Brascook","article_published_time":"2023-09-28T14:28:25+00:00","article_modified_time":"2023-10-31T18:00:28+00:00","og_image":[{"width":793,"height":572,"url":"https:\/\/www.brascook.com.br\/blog\/wp-content\/uploads\/2023\/09\/Conheca-mais-sobre-a-importancia-do-transporte-de-cargas-indivisiveis.jpg","type":"image\/jpeg"}],"author":"admin","twitter_card":"summary_large_image","twitter_misc":{"Escrito por":"admin","Est. tempo de leitura":"4 minutos"},"schema":{"@context":"https:\/\/schema.org","@graph":[{"@type":"Article","@id":"https:\/\/www.brascook.com.br\/blog\/transporte-de-cargas-indivisiveis\/conheca-mais-sobre-a-importancia-do-transporte-de-cargas-indivisiveis\/#article","isPartOf":{"@id":"https:\/\/www.brascook.com.br\/blog\/transporte-de-cargas-indivisiveis\/conheca-mais-sobre-a-importancia-do-transporte-de-cargas-indivisiveis\/"},"author":{"name":"admin","@id":"https:\/\/www.brascook.com.br\/blog\/#\/schema\/person\/3081017871e14943d8c47f8a7be521d7"},"headline":"Conhe\u00e7a mais sobre a import\u00e2ncia do transporte de cargas indivis\u00edveis","datePublished":"2023-09-28T14:28:25+00:00","dateModified":"2023-10-31T18:00:28+00:00","mainEntityOfPage":{"@id":"https:\/\/www.brascook.com.br\/blog\/transporte-de-cargas-indivisiveis\/conheca-mais-sobre-a-importancia-do-transporte-de-cargas-indivisiveis\/"},"wordCount":639,"commentCount":0,"publisher":{"@id":"https:\/\/www.brascook.com.br\/blog\/#organization"},"keywords":["comprar transporte de carga","comprar transporte de carga indivis\u00edvel","comprar transporte de cargas","comprar transporte de cargas indivis\u00edveis","distribuidor de transporte de carga","distribuidor de transporte de carga indivis\u00edvel","distribuidor de transporte de cargas","distribuidor de transporte de cargas indivis\u00edveis","distribuidora de transporte de carga","distribuidora de transporte de carga indivis\u00edvel","distribuidora de transporte de cargas","distribuidora de transporte de cargas indivis\u00edveis","empresa de transporte de carga","empresa de transporte de carga indivis\u00edvel","empresa de transporte de cargas","empresa de transporte de cargas indivis\u00edveis","f\u00e1brica de transporte de carga","f\u00e1brica de transporte de carga indivis\u00edvel","f\u00e1brica de transporte de cargas","f\u00e1brica de transporte de cargas indivis\u00edveis","fabricante de transporte de carga","fabricante de transporte de carga indivis\u00edvel","fabricante de transporte de cargas","fabricante de transporte de cargas indivis\u00edveis","fornecedor de transporte de carga","fornecedor de transporte de carga indivis\u00edvel","fornecedor de transporte de cargas","fornecedor de transporte de cargas indivis\u00edveis","loja de transporte de carga","loja de transporte de carga indivisivel","loja de transporte de cargas","loja de transporte de cargas indivis\u00edveis","onde encontrar transporte de carga","onde encontrar transporte de carga indivis\u00edvel","onde encontrar transporte de cargas","onde encontrar transporte de cargas indivis\u00edveis","revendedor de transporte de carga","revendedor de transporte de carga indivisivel","revendedor de transporte de cargas","revendedor de transporte de cargas indivis\u00edveis","transporte de carga direto da fabrica","transporte de carga em cumbica","Transporte de carga em Guarulhos","transporte de carga em promo\u00e7\u00e3o","Transporte de carga em S\u00e3o Paulo","Transporte de carga em SP","transporte de carga indivis\u00edvel direto da fabrica","transporte de carga indivisivel em cumbica","transporte de carga indivis\u00edvel em Guarulhos","transporte de carga indivisivel em promo\u00e7\u00e3o","transporte de carga indivis\u00edvel em s\u00e3o paulo","transporte de carga indivis\u00edvel em sp","transporte de carga indivisivel na zl","transporte de carga indivisivel na zona leste","transporte de carga indivisivel no aruj\u00e1","transporte de carga indivis\u00edvel perto de mim","transporte de carga indivis\u00edvel pre\u00e7o","transporte de carga indivisivel pr\u00f3ximo \u00e0 dutra","transporte de carga indivis\u00edvel pr\u00f3ximo a mim","transporte de carga na zl","transporte de carga na zona leste","transporte de carga no aruj\u00e1","transporte de carga perto de mim","transporte de carga pre\u00e7o","transporte de carga pr\u00f3ximo \u00e0 dutra","transporte de carga pr\u00f3ximo a mim","transporte de cargas direto da fabrica","transporte de cargas em cumbica","transporte de cargas em guarulhos","transporte de cargas em promo\u00e7\u00e3o","transporte de cargas em s\u00e3o paulo","transporte de cargas em sp","transporte de cargas indivis\u00edveis direto da fabrica","transporte de cargas indivis\u00edveis em cumbica","transporte de cargas indivis\u00edveis em Guarulhos","transporte de cargas indivis\u00edveis em promo\u00e7\u00e3o","transporte de cargas indivis\u00edveis em s\u00e3o paulo","transporte de cargas indivis\u00edveis em sp","transporte de cargas indivis\u00edveis na zl","transporte de cargas indivis\u00edveis na zona leste","transporte de cargas indivis\u00edveis no aruj\u00e1","transporte de cargas indivis\u00edveis perto de mim","transporte de cargas indivis\u00edveis pre\u00e7o","transporte de cargas indivis\u00edveis pr\u00f3ximo \u00e0 dutra","transporte de cargas indivis\u00edveis pr\u00f3ximo a mim","transporte de cargas na zl","transporte de cargas na zona leste","transporte de cargas no aruj\u00e1","transporte de cargas perto de mim","transporte de cargas pre\u00e7o","transporte de cargas pr\u00f3ximo \u00e0 dutra","transporte de cargas pr\u00f3ximo a mim"],"articleSection":["Transporte de Cargas Indivis\u00edveis"],"inLanguage":"pt-BR","potentialAction":[{"@type":"CommentAction","name":"Comment","target":["https:\/\/www.brascook.com.br\/blog\/transporte-de-cargas-indivisiveis\/conheca-mais-sobre-a-importancia-do-transporte-de-cargas-indivisiveis\/#respond"]}]},{"@type":"WebPage","@id":"https:\/\/www.brascook.com.br\/blog\/transporte-de-cargas-indivisiveis\/conheca-mais-sobre-a-importancia-do-transporte-de-cargas-indivisiveis\/","url":"https:\/\/www.brascook.com.br\/blog\/transporte-de-cargas-indivisiveis\/conheca-mais-sobre-a-importancia-do-transporte-de-cargas-indivisiveis\/","name":"Conhe\u00e7a mais sobre a import\u00e2ncia do transporte de cargas indivis\u00edveis - Brascook","isPartOf":{"@id":"https:\/\/www.brascook.com.br\/blog\/#website"},"datePublished":"2023-09-28T14:28:25+00:00","dateModified":"2023-10-31T18:00:28+00:00","description":"Saiba agora mais sobre a import\u00e2ncia do transporte de cargas indivis\u00edveis! Tamb\u00e9m conhe\u00e7a sobre o que \u00e9 e suas vantagens! Clique aqui e confira!","breadcrumb":{"@id":"https:\/\/www.brascook.com.br\/blog\/transporte-de-cargas-indivisiveis\/conheca-mais-sobre-a-importancia-do-transporte-de-cargas-indivisiveis\/#breadcrumb"},"inLanguage":"pt-BR","potentialAction":[{"@type":"ReadAction","target":["https:\/\/www.brascook.com.br\/blog\/transporte-de-cargas-indivisiveis\/conheca-mais-sobre-a-importancia-do-transporte-de-cargas-indivisiveis\/"]}]},{"@type":"BreadcrumbList","@id":"https:\/\/www.brascook.com.br\/blog\/transporte-de-cargas-indivisiveis\/conheca-mais-sobre-a-importancia-do-transporte-de-cargas-indivisiveis\/#breadcrumb","itemListElement":[{"@type":"ListItem","position":1,"name":"In\u00edcio","item":"https:\/\/www.brascook.com.br\/blog\/"},{"@type":"ListItem","position":2,"name":"Conhe\u00e7a mais sobre a import\u00e2ncia do transporte de cargas indivis\u00edveis"}]},{"@type":"WebSite","@id":"https:\/\/www.brascook.com.br\/blog\/#website","url":"https:\/\/www.brascook.com.br\/blog\/","name":"Brascook","description":"Blog Brascook","publisher":{"@id":"https:\/\/www.brascook.com.br\/blog\/#organization"},"potentialAction":[{"@type":"SearchAction","target":{"@type":"EntryPoint","urlTemplate":"https:\/\/www.brascook.com.br\/blog\/?s={search_term_string}"},"query-input":"required name=search_term_string"}],"inLanguage":"pt-BR"},{"@type":"Organization","@id":"https:\/\/www.brascook.com.br\/blog\/#organization","name":"Brascook","url":"https:\/\/www.brascook.com.br\/blog\/","logo":{"@type":"ImageObject","inLanguage":"pt-BR","@id":"https:\/\/www.brascook.com.br\/blog\/#\/schema\/logo\/image\/","url":"https:\/\/www.brascook.com.br\/blog\/wp-content\/uploads\/2023\/04\/logo-2.jpg","contentUrl":"https:\/\/www.brascook.com.br\/blog\/wp-content\/uploads\/2023\/04\/logo-2.jpg","width":159,"height":106,"caption":"Brascook"},"image":{"@id":"https:\/\/www.brascook.com.br\/blog\/#\/schema\/logo\/image\/"}},{"@type":"Person","@id":"https:\/\/www.brascook.com.br\/blog\/#\/schema\/person\/3081017871e14943d8c47f8a7be521d7","name":"admin","image":{"@type":"ImageObject","inLanguage":"pt-BR","@id":"https:\/\/www.brascook.com.br\/blog\/#\/schema\/person\/image\/","url":"https:\/\/secure.gravatar.com\/avatar\/3813f53848958b8842eeafda91666185a90010f65ed554379b78794cde6f234a?s=96&d=mm&r=g","contentUrl":"https:\/\/secure.gravatar.com\/avatar\/3813f53848958b8842eeafda91666185a90010f65ed554379b78794cde6f234a?s=96&d=mm&r=g","caption":"admin"},"sameAs":["https:\/\/brascook.com.br\/blog"],"url":"https:\/\/www.brascook.com.br\/blog\/author\/admin\/"}]}},"_links":{"self":[{"href":"https:\/\/www.brascook.com.br\/blog\/wp-json\/wp\/v2\/posts\/39","targetHints":{"allow":["GET"]}}],"collection":[{"href":"https:\/\/www.brascook.com.br\/blog\/wp-json\/wp\/v2\/posts"}],"about":[{"href":"https:\/\/www.brascook.com.br\/blog\/wp-json\/wp\/v2\/types\/post"}],"author":[{"embeddable":true,"href":"https:\/\/www.brascook.com.br\/blog\/wp-json\/wp\/v2\/users\/1"}],"replies":[{"embeddable":true,"href":"https:\/\/www.brascook.com.br\/blog\/wp-json\/wp\/v2\/comments?post=39"}],"version-history":[{"count":2,"href":"https:\/\/www.brascook.com.br\/blog\/wp-json\/wp\/v2\/posts\/39\/revisions"}],"predecessor-version":[{"id":42,"href":"https:\/\/www.brascook.com.br\/blog\/wp-json\/wp\/v2\/posts\/39\/revisions\/42"}],"wp:featuredmedia":[{"embeddable":true,"href":"https:\/\/www.brascook.com.br\/blog\/wp-json\/wp\/v2\/media\/40"}],"wp:attachment":[{"href":"https:\/\/www.brascook.com.br\/blog\/wp-json\/wp\/v2\/media?parent=39"}],"wp:term":[{"taxonomy":"category","embeddable":true,"href":"https:\/\/www.brascook.com.br\/blog\/wp-json\/wp\/v2\/categories?post=39"},{"taxonomy":"post_tag","embeddable":true,"href":"https:\/\/www.brascook.com.br\/blog\/wp-json\/wp\/v2\/tags?post=39"}],"curies":[{"name":"wp","href":"https:\/\/api.w.org\/{rel}","templated":true}]}}